{"id":1664,"date":"2024-04-24T13:06:11","date_gmt":"2024-04-24T11:06:11","guid":{"rendered":"https:\/\/footballforwardtryouts.com\/albacete\/"},"modified":"2024-05-24T15:50:54","modified_gmt":"2024-05-24T13:50:54","slug":"albacete","status":"publish","type":"post","link":"https:\/\/footballforwardtryouts.com\/fr\/albacete\/","title":{"rendered":"Albacete"},"content":{"rendered":"\t\t<div data-elementor-type=\"wp-post\" data-elementor-id=\"1664\" class=\"elementor elementor-1664 elementor-1340\" data-elementor-post-type=\"post\">\n\t\t\t\t<div class=\"elementor-element elementor-element-17562ab e-con-full e-flex e-con e-parent\" data-id=\"17562ab\" data-element_type=\"container\" data-settings=\"{&quot;background_background&quot;:&quot;classic&quot;}\">\n\t\t<div class=\"elementor-element elementor-element-756bd42 e-con-full e-flex e-con e-child\" data-id=\"756bd42\" data-element_type=\"container\" data-settings=\"{&quot;background_background&quot;:&quot;classic&quot;}\">\n\t\t<div class=\"elementor-element elementor-element-fad2f73 e-flex e-con-boxed e-con e-child\" data-id=\"fad2f73\" data-element_type=\"container\">\n\t\t\t\t\t<div class=\"e-con-inner\">\n\t\t\t\t<div class=\"elementor-element elementor-element-d134f24 elementor-widget elementor-widget-heading\" data-id=\"d134f24\" data-element_type=\"widget\" data-widget_type=\"heading.default\">\n\t\t\t\t<div class=\"elementor-widget-container\">\n\t\t\t\t\t<h2 class=\"elementor-heading-title elementor-size-default\">Albacete Balompi\u00e9<\/h2>\t\t\t\t<\/div>\n\t\t\t\t<\/div>\n\t\t\t\t<div class=\"elementor-element elementor-element-072e50c elementor-widget elementor-widget-text-editor\" data-id=\"072e50c\" data-element_type=\"widget\" data-widget_type=\"text-editor.default\">\n\t\t\t\t<div class=\"elementor-widget-container\">\n\t\t\t\t\t\t\t\t\t<p>Fier repr\u00e9sentant de la <strong>deuxi\u00e8me division,<\/strong> il entretient un lien particulier avec une l\u00e9gende du football : <strong>Andr\u00e9s Iniesta<\/strong>. Tr\u00e8s jeune, Iniesta a fait ses premiers pas dans le monde du football au sein de notre club. Il a \u00e9t\u00e9 form\u00e9 dans nos rangs de l&rsquo;\u00e2ge de huit ans \u00e0 l&rsquo;\u00e2ge de douze ans, apr\u00e8s quoi il a sign\u00e9 avec le <strong>FC Barcelone<\/strong>.<\/p>\n<p>Aujourd&rsquo;hui, <strong>on se souvient d&rsquo;<\/strong> Andr\u00e9s Iniesta non seulement <strong>pour son impressionnante carri\u00e8re professionnelle<\/strong>, mais aussi pour son soutien constant au club de ses d\u00e9buts. En tant qu&rsquo;actionnaire principal d&rsquo;Albacete Balompi\u00e9, Iniesta continue d&rsquo;influencer positivement l&rsquo;avenir du club. En son honneur, notre ville sportive porte son nom, un hommage permanent \u00e0 son h\u00e9ritage et \u00e0 sa contribution \u00e0 notre club.<\/p>\n\t\t\t\t\t\t\t\t<\/div>\n\t\t\t\t<\/div>\n\t\t\t\t<div class=\"elementor-element elementor-element-3a3d6bd elementor-widget elementor-widget-image\" data-id=\"3a3d6bd\" data-element_type=\"widget\" data-widget_type=\"image.default\">\n\t\t\t\t<div class=\"elementor-widget-container\">\n\t\t\t\t\t\t\t\t\t\t\t\t\t\t\t<img decoding=\"async\" width=\"138\" height=\"200\" src=\"https:\/\/footballforwardtryouts.com\/wp-content\/uploads\/2024\/04\/Albacete_balompie-1.png\" class=\"attachment-full size-full wp-image-1565\" alt=\"\" \/>\t\t\t\t\t\t\t\t\t\t\t\t\t\t\t<\/div>\n\t\t\t\t<\/div>\n\t\t\t\t<div class=\"elementor-element elementor-element-a7e2a13 elementor-align-center elementor-tablet-align-center elementor-mobile-align-justify elementor-widget elementor-widget-button\" data-id=\"a7e2a13\" data-element_type=\"widget\" data-widget_type=\"button.default\">\n\t\t\t\t<div class=\"elementor-widget-container\">\n\t\t\t\t\t\t\t\t\t<div class=\"elementor-button-wrapper\">\n\t\t\t\t\t<a class=\"elementor-button elementor-button-link elementor-size-sm elementor-animation-pulse\" href=\"https:\/\/footballforwardtryouts.com\/#schedule\">\n\t\t\t\t\t\t<span class=\"elementor-button-content-wrapper\">\n\t\t\t\t\t\t\t\t\t<span class=\"elementor-button-text\">Planifier un appel<\/span>\n\t\t\t\t\t<\/span>\n\t\t\t\t\t<\/a>\n\t\t\t\t<\/div>\n\t\t\t\t\t\t\t\t<\/div>\n\t\t\t\t<\/div>\n\t\t\t\t\t<\/div>\n\t\t\t\t<\/div>\n\t\t<div class=\"elementor-element elementor-element-932fbc1 elementor-hidden-mobile e-flex e-con-boxed e-con e-child\" data-id=\"932fbc1\" data-element_type=\"container\" data-settings=\"{&quot;background_background&quot;:&quot;slideshow&quot;,&quot;background_slideshow_gallery&quot;:[{&quot;id&quot;:19,&quot;url&quot;:&quot;https:\\\/\\\/footballforwardtryouts.com\\\/wp-content\\\/uploads\\\/2024\\\/04\\\/girona-slider-1.webp&quot;},{&quot;id&quot;:20,&quot;url&quot;:&quot;https:\\\/\\\/footballforwardtryouts.com\\\/wp-content\\\/uploads\\\/2024\\\/04\\\/girona-slider-2.webp&quot;},{&quot;id&quot;:21,&quot;url&quot;:&quot;https:\\\/\\\/footballforwardtryouts.com\\\/wp-content\\\/uploads\\\/2024\\\/04\\\/girona-slider-3.webp&quot;},{&quot;id&quot;:22,&quot;url&quot;:&quot;https:\\\/\\\/footballforwardtryouts.com\\\/wp-content\\\/uploads\\\/2024\\\/04\\\/girona-slider-4.webp&quot;}],&quot;background_slideshow_loop&quot;:&quot;yes&quot;,&quot;background_slideshow_slide_duration&quot;:5000,&quot;background_slideshow_slide_transition&quot;:&quot;fade&quot;,&quot;background_slideshow_transition_duration&quot;:500}\">\n\t\t\t\t\t<div class=\"e-con-inner\">\n\t\t\t\t\t<\/div>\n\t\t\t\t<\/div>\n\t\t\t\t<\/div>\n\t\t\t\t<\/div>\n\t\t\t\t<\/div>\n\t\t","protected":false},"excerpt":{"rendered":"<p>Albacete Balompi\u00e9 Fier repr\u00e9sentant de la deuxi\u00e8me division, il entretient un lien particulier avec une l\u00e9gende du football : Andr\u00e9s Iniesta. Tr\u00e8s jeune, Iniesta a fait ses premiers pas dans le monde du football au sein de notre club. Il a \u00e9t\u00e9 form\u00e9 dans nos rangs de l&rsquo;\u00e2ge de huit ans \u00e0 l&rsquo;\u00e2ge de douze [&hellip;]<\/p>\n","protected":false},"author":1,"featured_media":1565,"comment_status":"closed","ping_status":"closed","sticky":false,"template":"elementor_header_footer","format":"standard","meta":{"footnotes":""},"categories":[11],"tags":[],"class_list":["post-1664","post","type-post","status-publish","format-standard","has-post-thumbnail","hentry","category-non-classifiee"],"_links":{"self":[{"href":"https:\/\/footballforwardtryouts.com\/fr\/wp-json\/wp\/v2\/posts\/1664","targetHints":{"allow":["GET"]}}],"collection":[{"href":"https:\/\/footballforwardtryouts.com\/fr\/wp-json\/wp\/v2\/posts"}],"about":[{"href":"https:\/\/footballforwardtryouts.com\/fr\/wp-json\/wp\/v2\/types\/post"}],"author":[{"embeddable":true,"href":"https:\/\/footballforwardtryouts.com\/fr\/wp-json\/wp\/v2\/users\/1"}],"replies":[{"embeddable":true,"href":"https:\/\/footballforwardtryouts.com\/fr\/wp-json\/wp\/v2\/comments?post=1664"}],"version-history":[{"count":0,"href":"https:\/\/footballforwardtryouts.com\/fr\/wp-json\/wp\/v2\/posts\/1664\/revisions"}],"wp:featuredmedia":[{"embeddable":true,"href":"https:\/\/footballforwardtryouts.com\/fr\/wp-json\/wp\/v2\/media\/1565"}],"wp:attachment":[{"href":"https:\/\/footballforwardtryouts.com\/fr\/wp-json\/wp\/v2\/media?parent=1664"}],"wp:term":[{"taxonomy":"category","embeddable":true,"href":"https:\/\/footballforwardtryouts.com\/fr\/wp-json\/wp\/v2\/categories?post=1664"},{"taxonomy":"post_tag","embeddable":true,"href":"https:\/\/footballforwardtryouts.com\/fr\/wp-json\/wp\/v2\/tags?post=1664"}],"curies":[{"name":"wp","href":"https:\/\/api.w.org\/{rel}","templated":true}]}}